{"id":451,"date":"2023-03-13T09:19:47","date_gmt":"2023-03-13T09:19:47","guid":{"rendered":"https:\/\/red-notice-monitor.local\/concerns-for-nigerian-whistle-blower-arrested-on-interpol-red-notice\/"},"modified":"2025-04-01T11:41:06","modified_gmt":"2025-04-01T11:41:06","slug":"concerns-for-nigerian-whistle-blower-arrested-on-interpol-red-notice","status":"publish","type":"post","link":"https:\/\/rednoticemonitor.com\/es\/concerns-for-nigerian-whistle-blower-arrested-on-interpol-red-notice\/","title":{"rendered":"Preocupaci\u00f3n por el denunciante nigeriano detenido en virtud de una notificaci\u00f3n roja de Interpol"},"content":{"rendered":"<p>Denunciante nigeriano detenido con una notificaci\u00f3n roja en Ben\u00edn tras una operaci\u00f3n dirigida por Interpol.<\/p>","protected":false},"excerpt":{"rendered":"<p>Denunciante nigeriano detenido con una notificaci\u00f3n roja en Ben\u00edn tras una operaci\u00f3n dirigida por Interpol.<\/p>","protected":false},"author":4,"featured_media":452,"comment_status":"open","ping_status":"open","sticky":false,"template":"","format":"standard","meta":{"_acf_changed":false,"footnotes":""},"categories":[4],"tags":[],"region":[],"topic":[],"class_list":["post-451","post","type-post","status-publish","format-standard","has-post-thumbnail","hentry","category-news"],"acf":[],"yoast_head":"<!-- This site is optimized with the Yoast SEO plugin v27.4 - https:\/\/yoast.com\/product\/yoast-seo-wordpress\/ -->\n<title>Concerns for Nigerian Whistle-Blower Arrested on Interpol Red Notice - Red Notice Monitor<\/title>\n<meta name=\"robots\" content=\"index, follow, max-snippet:-1, max-image-preview:large, max-video-preview:-1\" \/>\n<link rel=\"canonical\" href=\"https:\/\/rednoticemonitor.com\/es\/concerns-for-nigerian-whistle-blower-arrested-on-interpol-red-notice\/\" \/>\n<meta property=\"og:locale\" content=\"es_ES\" \/>\n<meta property=\"og:type\" content=\"article\" \/>\n<meta property=\"og:title\" content=\"Concerns for Nigerian Whistle-Blower Arrested on Interpol Red Notice - Red Notice Monitor\" \/>\n<meta property=\"og:description\" content=\"Nigerian whistle-blower arrested on a Red Notice in Benin following an Interpol-led operation.\" \/>\n<meta property=\"og:url\" content=\"https:\/\/rednoticemonitor.com\/es\/concerns-for-nigerian-whistle-blower-arrested-on-interpol-red-notice\/\" \/>\n<meta property=\"og:site_name\" content=\"Red Notice Monitor\" \/>\n<meta property=\"article:published_time\" content=\"2023-03-13T09:19:47+00:00\" \/>\n<meta property=\"article:modified_time\" content=\"2025-04-01T11:41:06+00:00\" \/>\n<meta property=\"og:image\" content=\"https:\/\/rednoticemonitor.com\/wp-content\/uploads\/2023\/03\/26949a_d5e762395be64061849b7182edf37d64mv2.jpg\" \/>\n\t<meta property=\"og:image:width\" content=\"1685\" \/>\n\t<meta property=\"og:image:height\" content=\"1398\" \/>\n\t<meta property=\"og:image:type\" content=\"image\/jpeg\" \/>\n<meta name=\"twitter:card\" content=\"summary_large_image\" \/>\n<meta name=\"twitter:label1\" content=\"Escrito por\" \/>\n\t<meta name=\"twitter:data1\" content=\"Red Notice Monitor\" \/>\n<script type=\"application\/ld+json\" class=\"yoast-schema-graph\">{\"@context\":\"https:\\\/\\\/schema.org\",\"@graph\":[{\"@type\":\"Article\",\"@id\":\"https:\\\/\\\/rednoticemonitor.com\\\/concerns-for-nigerian-whistle-blower-arrested-on-interpol-red-notice\\\/#article\",\"isPartOf\":{\"@id\":\"https:\\\/\\\/rednoticemonitor.com\\\/concerns-for-nigerian-whistle-blower-arrested-on-interpol-red-notice\\\/\"},\"headline\":\"Concerns for Nigerian Whistle-Blower Arrested on Interpol Red Notice\",\"datePublished\":\"2023-03-13T09:19:47+00:00\",\"dateModified\":\"2025-04-01T11:41:06+00:00\",\"mainEntityOfPage\":{\"@id\":\"https:\\\/\\\/rednoticemonitor.com\\\/concerns-for-nigerian-whistle-blower-arrested-on-interpol-red-notice\\\/\"},\"wordCount\":22,\"commentCount\":0,\"image\":{\"@id\":\"https:\\\/\\\/rednoticemonitor.com\\\/concerns-for-nigerian-whistle-blower-arrested-on-interpol-red-notice\\\/#primaryimage\"},\"thumbnailUrl\":\"https:\\\/\\\/rednoticemonitor.com\\\/wp-content\\\/uploads\\\/2023\\\/03\\\/26949a_d5e762395be64061849b7182edf37d64mv2.jpg\",\"articleSection\":[\"News\"],\"inLanguage\":\"es\",\"potentialAction\":[{\"@type\":\"CommentAction\",\"name\":\"Comment\",\"target\":[\"https:\\\/\\\/rednoticemonitor.com\\\/concerns-for-nigerian-whistle-blower-arrested-on-interpol-red-notice\\\/#respond\"]}]},{\"@type\":\"WebPage\",\"@id\":\"https:\\\/\\\/rednoticemonitor.com\\\/concerns-for-nigerian-whistle-blower-arrested-on-interpol-red-notice\\\/\",\"url\":\"https:\\\/\\\/rednoticemonitor.com\\\/concerns-for-nigerian-whistle-blower-arrested-on-interpol-red-notice\\\/\",\"name\":\"Concerns for Nigerian Whistle-Blower Arrested on Interpol Red Notice - Red Notice Monitor\",\"isPartOf\":{\"@id\":\"https:\\\/\\\/rednoticemonitor.com\\\/#website\"},\"primaryImageOfPage\":{\"@id\":\"https:\\\/\\\/rednoticemonitor.com\\\/concerns-for-nigerian-whistle-blower-arrested-on-interpol-red-notice\\\/#primaryimage\"},\"image\":{\"@id\":\"https:\\\/\\\/rednoticemonitor.com\\\/concerns-for-nigerian-whistle-blower-arrested-on-interpol-red-notice\\\/#primaryimage\"},\"thumbnailUrl\":\"https:\\\/\\\/rednoticemonitor.com\\\/wp-content\\\/uploads\\\/2023\\\/03\\\/26949a_d5e762395be64061849b7182edf37d64mv2.jpg\",\"datePublished\":\"2023-03-13T09:19:47+00:00\",\"dateModified\":\"2025-04-01T11:41:06+00:00\",\"author\":{\"@id\":\"https:\\\/\\\/rednoticemonitor.com\\\/#\\\/schema\\\/person\\\/2e9ad54ef1b8564d3a657b357127ccf9\"},\"breadcrumb\":{\"@id\":\"https:\\\/\\\/rednoticemonitor.com\\\/concerns-for-nigerian-whistle-blower-arrested-on-interpol-red-notice\\\/#breadcrumb\"},\"inLanguage\":\"es\",\"potentialAction\":[{\"@type\":\"ReadAction\",\"target\":[\"https:\\\/\\\/rednoticemonitor.com\\\/concerns-for-nigerian-whistle-blower-arrested-on-interpol-red-notice\\\/\"]}]},{\"@type\":\"ImageObject\",\"inLanguage\":\"es\",\"@id\":\"https:\\\/\\\/rednoticemonitor.com\\\/concerns-for-nigerian-whistle-blower-arrested-on-interpol-red-notice\\\/#primaryimage\",\"url\":\"https:\\\/\\\/rednoticemonitor.com\\\/wp-content\\\/uploads\\\/2023\\\/03\\\/26949a_d5e762395be64061849b7182edf37d64mv2.jpg\",\"contentUrl\":\"https:\\\/\\\/rednoticemonitor.com\\\/wp-content\\\/uploads\\\/2023\\\/03\\\/26949a_d5e762395be64061849b7182edf37d64mv2.jpg\",\"width\":1685,\"height\":1398},{\"@type\":\"BreadcrumbList\",\"@id\":\"https:\\\/\\\/rednoticemonitor.com\\\/concerns-for-nigerian-whistle-blower-arrested-on-interpol-red-notice\\\/#breadcrumb\",\"itemListElement\":[{\"@type\":\"ListItem\",\"position\":1,\"name\":\"Home\",\"item\":\"https:\\\/\\\/rednoticemonitor.com\\\/\"},{\"@type\":\"ListItem\",\"position\":2,\"name\":\"Concerns for Nigerian Whistle-Blower Arrested on Interpol Red Notice\"}]},{\"@type\":\"WebSite\",\"@id\":\"https:\\\/\\\/rednoticemonitor.com\\\/#website\",\"url\":\"https:\\\/\\\/rednoticemonitor.com\\\/\",\"name\":\"Red Notice Monitor\",\"description\":\"The latest news and expert analysis on Interpol\",\"potentialAction\":[{\"@type\":\"SearchAction\",\"target\":{\"@type\":\"EntryPoint\",\"urlTemplate\":\"https:\\\/\\\/rednoticemonitor.com\\\/?s={search_term_string}\"},\"query-input\":{\"@type\":\"PropertyValueSpecification\",\"valueRequired\":true,\"valueName\":\"search_term_string\"}}],\"inLanguage\":\"es\"}]}<\/script>\n<!-- \/ Yoast SEO plugin. -->","yoast_head_json":{"title":"Concerns for Nigerian Whistle-Blower Arrested on Interpol Red Notice - Red Notice Monitor","robots":{"index":"index","follow":"follow","max-snippet":"max-snippet:-1","max-image-preview":"max-image-preview:large","max-video-preview":"max-video-preview:-1"},"canonical":"https:\/\/rednoticemonitor.com\/es\/concerns-for-nigerian-whistle-blower-arrested-on-interpol-red-notice\/","og_locale":"es_ES","og_type":"article","og_title":"Concerns for Nigerian Whistle-Blower Arrested on Interpol Red Notice - Red Notice Monitor","og_description":"Nigerian whistle-blower arrested on a Red Notice in Benin following an Interpol-led operation.","og_url":"https:\/\/rednoticemonitor.com\/es\/concerns-for-nigerian-whistle-blower-arrested-on-interpol-red-notice\/","og_site_name":"Red Notice Monitor","article_published_time":"2023-03-13T09:19:47+00:00","article_modified_time":"2025-04-01T11:41:06+00:00","og_image":[{"width":1685,"height":1398,"url":"https:\/\/rednoticemonitor.com\/wp-content\/uploads\/2023\/03\/26949a_d5e762395be64061849b7182edf37d64mv2.jpg","type":"image\/jpeg"}],"twitter_card":"summary_large_image","twitter_misc":{"Escrito por":"Red Notice Monitor"},"schema":{"@context":"https:\/\/schema.org","@graph":[{"@type":"Article","@id":"https:\/\/rednoticemonitor.com\/concerns-for-nigerian-whistle-blower-arrested-on-interpol-red-notice\/#article","isPartOf":{"@id":"https:\/\/rednoticemonitor.com\/concerns-for-nigerian-whistle-blower-arrested-on-interpol-red-notice\/"},"headline":"Concerns for Nigerian Whistle-Blower Arrested on Interpol Red Notice","datePublished":"2023-03-13T09:19:47+00:00","dateModified":"2025-04-01T11:41:06+00:00","mainEntityOfPage":{"@id":"https:\/\/rednoticemonitor.com\/concerns-for-nigerian-whistle-blower-arrested-on-interpol-red-notice\/"},"wordCount":22,"commentCount":0,"image":{"@id":"https:\/\/rednoticemonitor.com\/concerns-for-nigerian-whistle-blower-arrested-on-interpol-red-notice\/#primaryimage"},"thumbnailUrl":"https:\/\/rednoticemonitor.com\/wp-content\/uploads\/2023\/03\/26949a_d5e762395be64061849b7182edf37d64mv2.jpg","articleSection":["News"],"inLanguage":"es","potentialAction":[{"@type":"CommentAction","name":"Comment","target":["https:\/\/rednoticemonitor.com\/concerns-for-nigerian-whistle-blower-arrested-on-interpol-red-notice\/#respond"]}]},{"@type":"WebPage","@id":"https:\/\/rednoticemonitor.com\/concerns-for-nigerian-whistle-blower-arrested-on-interpol-red-notice\/","url":"https:\/\/rednoticemonitor.com\/concerns-for-nigerian-whistle-blower-arrested-on-interpol-red-notice\/","name":"Concerns for Nigerian Whistle-Blower Arrested on Interpol Red Notice - Red Notice Monitor","isPartOf":{"@id":"https:\/\/rednoticemonitor.com\/#website"},"primaryImageOfPage":{"@id":"https:\/\/rednoticemonitor.com\/concerns-for-nigerian-whistle-blower-arrested-on-interpol-red-notice\/#primaryimage"},"image":{"@id":"https:\/\/rednoticemonitor.com\/concerns-for-nigerian-whistle-blower-arrested-on-interpol-red-notice\/#primaryimage"},"thumbnailUrl":"https:\/\/rednoticemonitor.com\/wp-content\/uploads\/2023\/03\/26949a_d5e762395be64061849b7182edf37d64mv2.jpg","datePublished":"2023-03-13T09:19:47+00:00","dateModified":"2025-04-01T11:41:06+00:00","author":{"@id":"https:\/\/rednoticemonitor.com\/#\/schema\/person\/2e9ad54ef1b8564d3a657b357127ccf9"},"breadcrumb":{"@id":"https:\/\/rednoticemonitor.com\/concerns-for-nigerian-whistle-blower-arrested-on-interpol-red-notice\/#breadcrumb"},"inLanguage":"es","potentialAction":[{"@type":"ReadAction","target":["https:\/\/rednoticemonitor.com\/concerns-for-nigerian-whistle-blower-arrested-on-interpol-red-notice\/"]}]},{"@type":"ImageObject","inLanguage":"es","@id":"https:\/\/rednoticemonitor.com\/concerns-for-nigerian-whistle-blower-arrested-on-interpol-red-notice\/#primaryimage","url":"https:\/\/rednoticemonitor.com\/wp-content\/uploads\/2023\/03\/26949a_d5e762395be64061849b7182edf37d64mv2.jpg","contentUrl":"https:\/\/rednoticemonitor.com\/wp-content\/uploads\/2023\/03\/26949a_d5e762395be64061849b7182edf37d64mv2.jpg","width":1685,"height":1398},{"@type":"BreadcrumbList","@id":"https:\/\/rednoticemonitor.com\/concerns-for-nigerian-whistle-blower-arrested-on-interpol-red-notice\/#breadcrumb","itemListElement":[{"@type":"ListItem","position":1,"name":"Home","item":"https:\/\/rednoticemonitor.com\/"},{"@type":"ListItem","position":2,"name":"Concerns for Nigerian Whistle-Blower Arrested on Interpol Red Notice"}]},{"@type":"WebSite","@id":"https:\/\/rednoticemonitor.com\/#website","url":"https:\/\/rednoticemonitor.com\/","name":"Monitor de notificaci\u00f3n roja","description":"\u00daltimas noticias y an\u00e1lisis de expertos sobre Interpol","potentialAction":[{"@type":"SearchAction","target":{"@type":"EntryPoint","urlTemplate":"https:\/\/rednoticemonitor.com\/?s={search_term_string}"},"query-input":{"@type":"PropertyValueSpecification","valueRequired":true,"valueName":"search_term_string"}}],"inLanguage":"es"}]}},"_links":{"self":[{"href":"https:\/\/rednoticemonitor.com\/es\/wp-json\/wp\/v2\/posts\/451","targetHints":{"allow":["GET"]}}],"collection":[{"href":"https:\/\/rednoticemonitor.com\/es\/wp-json\/wp\/v2\/posts"}],"about":[{"href":"https:\/\/rednoticemonitor.com\/es\/wp-json\/wp\/v2\/types\/post"}],"author":[{"embeddable":true,"href":"https:\/\/rednoticemonitor.com\/es\/wp-json\/wp\/v2\/users\/4"}],"replies":[{"embeddable":true,"href":"https:\/\/rednoticemonitor.com\/es\/wp-json\/wp\/v2\/comments?post=451"}],"version-history":[{"count":1,"href":"https:\/\/rednoticemonitor.com\/es\/wp-json\/wp\/v2\/posts\/451\/revisions"}],"predecessor-version":[{"id":687,"href":"https:\/\/rednoticemonitor.com\/es\/wp-json\/wp\/v2\/posts\/451\/revisions\/687"}],"wp:featuredmedia":[{"embeddable":true,"href":"https:\/\/rednoticemonitor.com\/es\/wp-json\/wp\/v2\/media\/452"}],"wp:attachment":[{"href":"https:\/\/rednoticemonitor.com\/es\/wp-json\/wp\/v2\/media?parent=451"}],"wp:term":[{"taxonomy":"category","embeddable":true,"href":"https:\/\/rednoticemonitor.com\/es\/wp-json\/wp\/v2\/categories?post=451"},{"taxonomy":"post_tag","embeddable":true,"href":"https:\/\/rednoticemonitor.com\/es\/wp-json\/wp\/v2\/tags?post=451"},{"taxonomy":"region","embeddable":true,"href":"https:\/\/rednoticemonitor.com\/es\/wp-json\/wp\/v2\/region?post=451"},{"taxonomy":"topic","embeddable":true,"href":"https:\/\/rednoticemonitor.com\/es\/wp-json\/wp\/v2\/topic?post=451"}],"curies":[{"name":"wp","href":"https:\/\/api.w.org\/{rel}","templated":true}]}}